{"id":69669,"date":"2025-01-15T11:09:31","date_gmt":"2025-01-15T19:09:31","guid":{"rendered":"https:\/\/saltspringartprize.ca\/?p=69669"},"modified":"2025-01-15T12:46:07","modified_gmt":"2025-01-15T20:46:07","slug":"opportunite-de-contrat-responsable-dexposition-pour-parallel-art-show","status":"publish","type":"post","link":"https:\/\/saltspringartprize.ca\/fr\/news\/opportunite-de-contrat-responsable-dexposition-pour-parallel-art-show\/","title":{"rendered":"Opportunit\u00e9 de contrat : Responsable d&#8217;exposition pour Parallel Art Show"},"content":{"rendered":"<h2>Fonctions du responsable d&#8217;exposition<\/h2>\n<p>Le responsable d&#8217;exposition est responsable du bon fonctionnement de la galerie PAS et de la s\u00e9curit\u00e9 de tous les participants et b\u00e9n\u00e9voles de la galerie, garantissant une exp\u00e9rience conviviale et accueillante pour tous les visiteurs. Le responsable d&#8217;exposition g\u00e9rera les ventes d&#8217;\u0153uvres d&#8217;art et de catalogues, suivra les visiteurs et r\u00e9pondra aux demandes g\u00e9n\u00e9rales. Le responsable d&#8217;exposition travaillera \u00e9galement directement avec le responsable des op\u00e9rations du Salt Spring National Art Prize (SSNAP), l&#8217;\u00e9quipe d&#8217;accrochage et le coordinateur des b\u00e9n\u00e9voles afin de garantir le bon d\u00e9roulement de l&#8217;exposition.<\/p>\n<h2>Responsabilit\u00e9s<\/h2>\n<ul>\n<li>Acqu\u00e9rir des connaissances et se familiariser avec les expositions pr\u00e9vues et la programmation pr\u00e9vue.<\/li>\n<li>Conna\u00eetre les artistes de l&#8217;exposition et les \u0153uvres d&#8217;art qui y sont pr\u00e9sent\u00e9es. Prendre soin de communiquer avec les artistes participants.<\/li>\n<li>\u00catre sur place pour g\u00e9rer la galerie et soutenir l&#8217;accrochage et le d\u00e9montage de l&#8217;exposition:\n<ul>\n<li>Exposition : 10 h 00 \u2013 17 h 00 (7 jours sur 7) ; dimanche 27 septembre \u2013 dimanche 19 octobre 2025<\/li>\n<li>Montage\/accrochage : du mercredi 24 septembre \u2013 vendredi 26 septembre 2025<\/li>\n<li>Retrait des \u0153uvres invendues et d\u00e9montage le lundi 20 octobre 2025<\/li>\n<li>Une certaine flexibilit\u00e9 des jours peut \u00eatre organis\u00e9e \u00e0 l&#8217;avance.<\/li>\n<\/ul>\n<\/li>\n<li>Aider \u00e0 d&#8217;autres aspects de la planification de l&#8217;exposition et des \u00e9v\u00e9nements associ\u00e9s selon les besoins, notamment:\n<ul>\n<li>Ouverture du PAS : dimanche 28 septembre 2023, probablement de 18 h \u00e0 20 h<\/li>\n<li>\u00c9v\u00e9nement de gala des prix SSNAP\/PAS : de 17 h \u00e0 22 h le samedi 18 octobre 2025<\/li>\n<\/ul>\n<\/li>\n<li>G\u00e9rer la galerie:\n<ul>\n<li>Accueillir et suivre les visiteurs<\/li>\n<li>Suivre et orienter les b\u00e9n\u00e9voles vers leurs horaires de travail dans la galerie<\/li>\n<li>G\u00e9rer les ventes d&#8217;\u0153uvres d&#8217;art et de catalogues<\/li>\n<li>G\u00e9rer les encaissements et les rapports quotidiens<\/li>\n<li>Maintenir une communication efficace et respectueuse avec tout le personnel d&#8217;ArtSpring<\/li>\n<li>Assurer la s\u00e9curit\u00e9 des visiteurs et de l&#8217;exposition, notamment en veillant au respect des protocoles de s\u00e9curit\u00e9 de la galerie.<\/li>\n<\/ul>\n<\/li>\n<li>Animer les visites et les \u00e9v\u00e9nements pour les artistes:\n<ul>\n<li>Aider \u00e0 organiser et \u00e0 animer les visites des jeunes<\/li>\n<li>Animer les discussions avec les artistes ; coordonner ces \u00e9v\u00e9nements avec le responsable des op\u00e9rations<\/li>\n<li>Animer les visites du jury et autres visites de groupe pendant l&#8217;exposition<\/li>\n<li>Organiser les publications sur les r\u00e9seaux sociaux pour l&#8217;exposition en coop\u00e9ration avec le sp\u00e9cialiste des communications.<\/li>\n<\/ul>\n<\/li>\n<\/ul>\n<h2>Candidat id\u00e9al<\/h2>\n<ul>\n<li>Capacit\u00e9 \u00e0 travailler avec des artistes et des b\u00e9n\u00e9voles ainsi qu&#8217;avec le public<\/li>\n<li>Souci du d\u00e9tail<\/li>\n<li>Excellent service \u00e0 la client\u00e8le<\/li>\n<li>Disponibilit\u00e9 les week-ends<\/li>\n<li>Connaissance des arts visuels, de l&#8217;environnement de la galerie et des ventes, sont des atouts majeurs<\/li>\n<\/ul>\n<h2>R\u00e9mun\u00e9ration<\/h2>\n<p>Le directeur de l&#8217;exposition devra travailler un total de 3,5 semaines pour un honoraire de 5 500 $. Ce poste est temporaire.<br \/>\n<br \/>\nLieu : ArtSpring Galleries (galeries polyvalentes\/Bateman et Guild)<\/p>\n<h2>Pour plus d&#8217;informations et pour soumettre une candidature<\/h2>\n<p>Pour plus d&#8217;informations sur cette opportunit\u00e9 passionnante, veuillez contacter info@saltspringartprize.ca.<\/p>\n","protected":false},"excerpt":{"rendered":"<p>Fonctions du responsable d&#8217;exposition Le responsable d&#8217;exposition est responsable du bon fonctionnement de la galerie PAS et de la s\u00e9curit\u00e9 de tous&hellip;<\/p>\n","protected":false},"author":70,"featured_media":69672,"comment_status":"closed","ping_status":"open","sticky":false,"template":"","format":"standard","meta":{"_acf_changed":false,"_jetpack_memberships_contains_paid_content":false,"footnotes":""},"class_list":["post-69669","post","type-post","status-publish","format-standard","has-post-thumbnail","hentry"],"acf":[],"yoast_head":"<!-- This site is optimized with the Yoast SEO plugin v27.2 - https:\/\/yoast.com\/product\/yoast-seo-wordpress\/ -->\n<title>Opportunit\u00e9 de contrat : Responsable d&#039;exposition pour Parallel Art Show - The Salt Spring National Art Prize<\/title>\n<meta name=\"robots\" content=\"index, follow, max-snippet:-1, max-image-preview:large, max-video-preview:-1\" \/>\n<link rel=\"canonical\" href=\"https:\/\/saltspringartprize.ca\/fr\/news\/opportunite-de-contrat-responsable-dexposition-pour-parallel-art-show\/\" \/>\n<meta property=\"og:locale\" content=\"fr_FR\" \/>\n<meta property=\"og:type\" content=\"article\" \/>\n<meta property=\"og:title\" content=\"Opportunit\u00e9 de contrat : Responsable d&#039;exposition pour Parallel Art Show - The Salt Spring National Art Prize\" \/>\n<meta property=\"og:description\" content=\"Fonctions du responsable d&#8217;exposition Le responsable d&#8217;exposition est responsable du bon fonctionnement de la galerie PAS et de la s\u00e9curit\u00e9 de tous&hellip;\" \/>\n<meta property=\"og:url\" content=\"https:\/\/saltspringartprize.ca\/fr\/news\/opportunite-de-contrat-responsable-dexposition-pour-parallel-art-show\/\" \/>\n<meta property=\"og:site_name\" content=\"The Salt Spring National Art Prize\" \/>\n<meta property=\"article:publisher\" content=\"https:\/\/www.facebook.com\/SaltSpringNationalArtPrize\/\" \/>\n<meta property=\"article:published_time\" content=\"2025-01-15T19:09:31+00:00\" \/>\n<meta property=\"article:modified_time\" content=\"2025-01-15T20:46:07+00:00\" \/>\n<meta property=\"og:image\" content=\"https:\/\/saltspringartprize.ca\/wp-content\/uploads\/2025\/01\/show-manager-PAS-2025-french-web.jpg\" \/>\n\t<meta property=\"og:image:width\" content=\"3763\" \/>\n\t<meta property=\"og:image:height\" content=\"3763\" \/>\n\t<meta property=\"og:image:type\" content=\"image\/jpeg\" \/>\n<meta name=\"author\" content=\"SSNAP Society - IT Manager\" \/>\n<meta name=\"twitter:card\" content=\"summary_large_image\" \/>\n<meta name=\"twitter:label1\" content=\"Written by\" \/>\n\t<meta name=\"twitter:data1\" content=\"SSNAP Society - IT Manager\" \/>\n\t<meta name=\"twitter:label2\" content=\"Est. reading time\" \/>\n\t<meta name=\"twitter:data2\" content=\"3 minutes\" \/>\n<script type=\"application\/ld+json\" class=\"yoast-schema-graph\">{\"@context\":\"https:\/\/schema.org\",\"@graph\":[{\"@type\":\"Article\",\"@id\":\"https:\/\/saltspringartprize.ca\/fr\/news\/opportunite-de-contrat-responsable-dexposition-pour-parallel-art-show\/#article\",\"isPartOf\":{\"@id\":\"https:\/\/saltspringartprize.ca\/fr\/news\/opportunite-de-contrat-responsable-dexposition-pour-parallel-art-show\/\"},\"author\":{\"name\":\"SSNAP Society - IT Manager\",\"@id\":\"https:\/\/saltspringartprize.ca\/fr\/#\/schema\/person\/ce67fc8809fcdf25ea32adc440f39a41\"},\"headline\":\"Opportunit\u00e9 de contrat : Responsable d&#8217;exposition pour Parallel Art Show\",\"datePublished\":\"2025-01-15T19:09:31+00:00\",\"dateModified\":\"2025-01-15T20:46:07+00:00\",\"mainEntityOfPage\":{\"@id\":\"https:\/\/saltspringartprize.ca\/fr\/news\/opportunite-de-contrat-responsable-dexposition-pour-parallel-art-show\/\"},\"wordCount\":510,\"publisher\":{\"@id\":\"https:\/\/saltspringartprize.ca\/fr\/#organization\"},\"image\":{\"@id\":\"https:\/\/saltspringartprize.ca\/fr\/news\/opportunite-de-contrat-responsable-dexposition-pour-parallel-art-show\/#primaryimage\"},\"thumbnailUrl\":\"https:\/\/saltspringartprize.ca\/wp-content\/uploads\/2025\/01\/show-manager-PAS-2025-french-web.jpg\",\"inLanguage\":\"fr-FR\"},{\"@type\":\"WebPage\",\"@id\":\"https:\/\/saltspringartprize.ca\/fr\/news\/opportunite-de-contrat-responsable-dexposition-pour-parallel-art-show\/\",\"url\":\"https:\/\/saltspringartprize.ca\/fr\/news\/opportunite-de-contrat-responsable-dexposition-pour-parallel-art-show\/\",\"name\":\"Opportunit\u00e9 de contrat : Responsable d'exposition pour Parallel Art Show - The Salt Spring National Art Prize\",\"isPartOf\":{\"@id\":\"https:\/\/saltspringartprize.ca\/fr\/#website\"},\"primaryImageOfPage\":{\"@id\":\"https:\/\/saltspringartprize.ca\/fr\/news\/opportunite-de-contrat-responsable-dexposition-pour-parallel-art-show\/#primaryimage\"},\"image\":{\"@id\":\"https:\/\/saltspringartprize.ca\/fr\/news\/opportunite-de-contrat-responsable-dexposition-pour-parallel-art-show\/#primaryimage\"},\"thumbnailUrl\":\"https:\/\/saltspringartprize.ca\/wp-content\/uploads\/2025\/01\/show-manager-PAS-2025-french-web.jpg\",\"datePublished\":\"2025-01-15T19:09:31+00:00\",\"dateModified\":\"2025-01-15T20:46:07+00:00\",\"inLanguage\":\"fr-FR\",\"potentialAction\":[{\"@type\":\"ReadAction\",\"target\":[\"https:\/\/saltspringartprize.ca\/fr\/news\/opportunite-de-contrat-responsable-dexposition-pour-parallel-art-show\/\"]}]},{\"@type\":\"ImageObject\",\"inLanguage\":\"fr-FR\",\"@id\":\"https:\/\/saltspringartprize.ca\/fr\/news\/opportunite-de-contrat-responsable-dexposition-pour-parallel-art-show\/#primaryimage\",\"url\":\"https:\/\/saltspringartprize.ca\/wp-content\/uploads\/2025\/01\/show-manager-PAS-2025-french-web.jpg\",\"contentUrl\":\"https:\/\/saltspringartprize.ca\/wp-content\/uploads\/2025\/01\/show-manager-PAS-2025-french-web.jpg\",\"width\":3763,\"height\":3763},{\"@type\":\"WebSite\",\"@id\":\"https:\/\/saltspringartprize.ca\/fr\/#website\",\"url\":\"https:\/\/saltspringartprize.ca\/fr\/\",\"name\":\"The Salt Spring National Art Prize\",\"description\":\"Salt Spring National Art Prize\",\"publisher\":{\"@id\":\"https:\/\/saltspringartprize.ca\/fr\/#organization\"},\"alternateName\":\"SSNAP\",\"potentialAction\":[{\"@type\":\"SearchAction\",\"target\":{\"@type\":\"EntryPoint\",\"urlTemplate\":\"https:\/\/saltspringartprize.ca\/fr\/?s={search_term_string}\"},\"query-input\":{\"@type\":\"PropertyValueSpecification\",\"valueRequired\":true,\"valueName\":\"search_term_string\"}}],\"inLanguage\":\"fr-FR\"},{\"@type\":\"Organization\",\"@id\":\"https:\/\/saltspringartprize.ca\/fr\/#organization\",\"name\":\"The Salt Spring National Art Prize\",\"alternateName\":\"SSNAP\",\"url\":\"https:\/\/saltspringartprize.ca\/fr\/\",\"logo\":{\"@type\":\"ImageObject\",\"inLanguage\":\"fr-FR\",\"@id\":\"https:\/\/saltspringartprize.ca\/fr\/#\/schema\/logo\/image\/\",\"url\":\"https:\/\/saltspringartprize.ca\/app\/uploads\/2023\/01\/SSNAP-2023.png\",\"contentUrl\":\"https:\/\/saltspringartprize.ca\/app\/uploads\/2023\/01\/SSNAP-2023.png\",\"width\":800,\"height\":754,\"caption\":\"The Salt Spring National Art Prize\"},\"image\":{\"@id\":\"https:\/\/saltspringartprize.ca\/fr\/#\/schema\/logo\/image\/\"},\"sameAs\":[\"https:\/\/www.facebook.com\/SaltSpringNationalArtPrize\/\",\"https:\/\/www.instagram.com\/ssartprize\/\"]},{\"@type\":\"Person\",\"@id\":\"https:\/\/saltspringartprize.ca\/fr\/#\/schema\/person\/ce67fc8809fcdf25ea32adc440f39a41\",\"name\":\"SSNAP Society - IT Manager\",\"image\":{\"@type\":\"ImageObject\",\"inLanguage\":\"fr-FR\",\"@id\":\"https:\/\/secure.gravatar.com\/avatar\/079a179794fb5d438f20b1543a431654b06457ab7504b283985fac583f6354db?s=96&d=mm&r=g\",\"url\":\"https:\/\/secure.gravatar.com\/avatar\/079a179794fb5d438f20b1543a431654b06457ab7504b283985fac583f6354db?s=96&d=mm&r=g\",\"contentUrl\":\"https:\/\/secure.gravatar.com\/avatar\/079a179794fb5d438f20b1543a431654b06457ab7504b283985fac583f6354db?s=96&d=mm&r=g\",\"caption\":\"SSNAP Society - IT Manager\"},\"url\":\"https:\/\/saltspringartprize.ca\/fr\/news\/author\/itmanager\/\"}]}<\/script>\n<!-- \/ Yoast SEO plugin. -->","yoast_head_json":{"title":"Opportunit\u00e9 de contrat : Responsable d'exposition pour Parallel Art Show - The Salt Spring National Art Prize","robots":{"index":"index","follow":"follow","max-snippet":"max-snippet:-1","max-image-preview":"max-image-preview:large","max-video-preview":"max-video-preview:-1"},"canonical":"https:\/\/saltspringartprize.ca\/fr\/news\/opportunite-de-contrat-responsable-dexposition-pour-parallel-art-show\/","og_locale":"fr_FR","og_type":"article","og_title":"Opportunit\u00e9 de contrat : Responsable d'exposition pour Parallel Art Show - The Salt Spring National Art Prize","og_description":"Fonctions du responsable d&#8217;exposition Le responsable d&#8217;exposition est responsable du bon fonctionnement de la galerie PAS et de la s\u00e9curit\u00e9 de tous&hellip;","og_url":"https:\/\/saltspringartprize.ca\/fr\/news\/opportunite-de-contrat-responsable-dexposition-pour-parallel-art-show\/","og_site_name":"The Salt Spring National Art Prize","article_publisher":"https:\/\/www.facebook.com\/SaltSpringNationalArtPrize\/","article_published_time":"2025-01-15T19:09:31+00:00","article_modified_time":"2025-01-15T20:46:07+00:00","og_image":[{"width":3763,"height":3763,"url":"https:\/\/saltspringartprize.ca\/wp-content\/uploads\/2025\/01\/show-manager-PAS-2025-french-web.jpg","type":"image\/jpeg"}],"author":"SSNAP Society - IT Manager","twitter_card":"summary_large_image","twitter_misc":{"Written by":"SSNAP Society - IT Manager","Est. reading time":"3 minutes"},"schema":{"@context":"https:\/\/schema.org","@graph":[{"@type":"Article","@id":"https:\/\/saltspringartprize.ca\/fr\/news\/opportunite-de-contrat-responsable-dexposition-pour-parallel-art-show\/#article","isPartOf":{"@id":"https:\/\/saltspringartprize.ca\/fr\/news\/opportunite-de-contrat-responsable-dexposition-pour-parallel-art-show\/"},"author":{"name":"SSNAP Society - IT Manager","@id":"https:\/\/saltspringartprize.ca\/fr\/#\/schema\/person\/ce67fc8809fcdf25ea32adc440f39a41"},"headline":"Opportunit\u00e9 de contrat : Responsable d&#8217;exposition pour Parallel Art Show","datePublished":"2025-01-15T19:09:31+00:00","dateModified":"2025-01-15T20:46:07+00:00","mainEntityOfPage":{"@id":"https:\/\/saltspringartprize.ca\/fr\/news\/opportunite-de-contrat-responsable-dexposition-pour-parallel-art-show\/"},"wordCount":510,"publisher":{"@id":"https:\/\/saltspringartprize.ca\/fr\/#organization"},"image":{"@id":"https:\/\/saltspringartprize.ca\/fr\/news\/opportunite-de-contrat-responsable-dexposition-pour-parallel-art-show\/#primaryimage"},"thumbnailUrl":"https:\/\/saltspringartprize.ca\/wp-content\/uploads\/2025\/01\/show-manager-PAS-2025-french-web.jpg","inLanguage":"fr-FR"},{"@type":"WebPage","@id":"https:\/\/saltspringartprize.ca\/fr\/news\/opportunite-de-contrat-responsable-dexposition-pour-parallel-art-show\/","url":"https:\/\/saltspringartprize.ca\/fr\/news\/opportunite-de-contrat-responsable-dexposition-pour-parallel-art-show\/","name":"Opportunit\u00e9 de contrat : Responsable d'exposition pour Parallel Art Show - The Salt Spring National Art Prize","isPartOf":{"@id":"https:\/\/saltspringartprize.ca\/fr\/#website"},"primaryImageOfPage":{"@id":"https:\/\/saltspringartprize.ca\/fr\/news\/opportunite-de-contrat-responsable-dexposition-pour-parallel-art-show\/#primaryimage"},"image":{"@id":"https:\/\/saltspringartprize.ca\/fr\/news\/opportunite-de-contrat-responsable-dexposition-pour-parallel-art-show\/#primaryimage"},"thumbnailUrl":"https:\/\/saltspringartprize.ca\/wp-content\/uploads\/2025\/01\/show-manager-PAS-2025-french-web.jpg","datePublished":"2025-01-15T19:09:31+00:00","dateModified":"2025-01-15T20:46:07+00:00","inLanguage":"fr-FR","potentialAction":[{"@type":"ReadAction","target":["https:\/\/saltspringartprize.ca\/fr\/news\/opportunite-de-contrat-responsable-dexposition-pour-parallel-art-show\/"]}]},{"@type":"ImageObject","inLanguage":"fr-FR","@id":"https:\/\/saltspringartprize.ca\/fr\/news\/opportunite-de-contrat-responsable-dexposition-pour-parallel-art-show\/#primaryimage","url":"https:\/\/saltspringartprize.ca\/wp-content\/uploads\/2025\/01\/show-manager-PAS-2025-french-web.jpg","contentUrl":"https:\/\/saltspringartprize.ca\/wp-content\/uploads\/2025\/01\/show-manager-PAS-2025-french-web.jpg","width":3763,"height":3763},{"@type":"WebSite","@id":"https:\/\/saltspringartprize.ca\/fr\/#website","url":"https:\/\/saltspringartprize.ca\/fr\/","name":"The Salt Spring National Art Prize","description":"Salt Spring National Art Prize","publisher":{"@id":"https:\/\/saltspringartprize.ca\/fr\/#organization"},"alternateName":"SSNAP","potentialAction":[{"@type":"SearchAction","target":{"@type":"EntryPoint","urlTemplate":"https:\/\/saltspringartprize.ca\/fr\/?s={search_term_string}"},"query-input":{"@type":"PropertyValueSpecification","valueRequired":true,"valueName":"search_term_string"}}],"inLanguage":"fr-FR"},{"@type":"Organization","@id":"https:\/\/saltspringartprize.ca\/fr\/#organization","name":"The Salt Spring National Art Prize","alternateName":"SSNAP","url":"https:\/\/saltspringartprize.ca\/fr\/","logo":{"@type":"ImageObject","inLanguage":"fr-FR","@id":"https:\/\/saltspringartprize.ca\/fr\/#\/schema\/logo\/image\/","url":"https:\/\/saltspringartprize.ca\/app\/uploads\/2023\/01\/SSNAP-2023.png","contentUrl":"https:\/\/saltspringartprize.ca\/app\/uploads\/2023\/01\/SSNAP-2023.png","width":800,"height":754,"caption":"The Salt Spring National Art Prize"},"image":{"@id":"https:\/\/saltspringartprize.ca\/fr\/#\/schema\/logo\/image\/"},"sameAs":["https:\/\/www.facebook.com\/SaltSpringNationalArtPrize\/","https:\/\/www.instagram.com\/ssartprize\/"]},{"@type":"Person","@id":"https:\/\/saltspringartprize.ca\/fr\/#\/schema\/person\/ce67fc8809fcdf25ea32adc440f39a41","name":"SSNAP Society - IT Manager","image":{"@type":"ImageObject","inLanguage":"fr-FR","@id":"https:\/\/secure.gravatar.com\/avatar\/079a179794fb5d438f20b1543a431654b06457ab7504b283985fac583f6354db?s=96&d=mm&r=g","url":"https:\/\/secure.gravatar.com\/avatar\/079a179794fb5d438f20b1543a431654b06457ab7504b283985fac583f6354db?s=96&d=mm&r=g","contentUrl":"https:\/\/secure.gravatar.com\/avatar\/079a179794fb5d438f20b1543a431654b06457ab7504b283985fac583f6354db?s=96&d=mm&r=g","caption":"SSNAP Society - IT Manager"},"url":"https:\/\/saltspringartprize.ca\/fr\/news\/author\/itmanager\/"}]}},"jetpack_featured_media_url":"https:\/\/saltspringartprize.ca\/wp-content\/uploads\/2025\/01\/show-manager-PAS-2025-french-web.jpg","jetpack_sharing_enabled":true,"_links":{"self":[{"href":"https:\/\/saltspringartprize.ca\/fr\/wp-json\/wp\/v2\/posts\/69669","targetHints":{"allow":["GET"]}}],"collection":[{"href":"https:\/\/saltspringartprize.ca\/fr\/wp-json\/wp\/v2\/posts"}],"about":[{"href":"https:\/\/saltspringartprize.ca\/fr\/wp-json\/wp\/v2\/types\/post"}],"author":[{"embeddable":true,"href":"https:\/\/saltspringartprize.ca\/fr\/wp-json\/wp\/v2\/users\/70"}],"replies":[{"embeddable":true,"href":"https:\/\/saltspringartprize.ca\/fr\/wp-json\/wp\/v2\/comments?post=69669"}],"version-history":[{"count":0,"href":"https:\/\/saltspringartprize.ca\/fr\/wp-json\/wp\/v2\/posts\/69669\/revisions"}],"wp:featuredmedia":[{"embeddable":true,"href":"https:\/\/saltspringartprize.ca\/fr\/wp-json\/wp\/v2\/media\/69672"}],"wp:attachment":[{"href":"https:\/\/saltspringartprize.ca\/fr\/wp-json\/wp\/v2\/media?parent=69669"}],"curies":[{"name":"wp","href":"https:\/\/api.w.org\/{rel}","templated":true}]}}