{"id":42236,"date":"2023-07-19T20:45:01","date_gmt":"2023-07-20T03:45:01","guid":{"rendered":"https:\/\/saltspringartprize.ca\/?p=42236"},"modified":"2023-08-19T06:00:12","modified_gmt":"2023-08-19T13:00:12","slug":"finalistes-pas-2023","status":"publish","type":"post","link":"https:\/\/saltspringartprize.ca\/fr\/news\/finalistes-pas-2023\/","title":{"rendered":"Annonce des finalistes du PAS 2023\/24"},"content":{"rendered":"<p>Les oeuvres des finalistes du PAS seront expos\u00e9es sur l&#8217;\u00eele Salt Spring du 23 septembre au 22 octobre. Les prix seront d\u00e9cern\u00e9s lors du gala de cl\u00f4ture et des prix du PAS le 21 octobre.\u202f<a href=\"https:\/\/saltspringartprize.ca\/fr\/apropos\/exposition-parallele-dart\/\">Apprenez-en plus sur les prix pour PAS de cette ann\u00e9e.<\/a>.<\/p>\n<p>&#8220;De nombreux artistes du sud des \u00eeles du Golfe choisis pour l&#8217;exposition parall\u00e8le d&#8217;art par nos trois jur\u00e9s &#8211; Sophia Burke, Helen Mears et Richard Steel &#8211; refl\u00e8tent la beaut\u00e9 et le souci du paysage caract\u00e9ristique de la c\u00f4te ouest. Mais ce group d&#8217;artistes canadiens individuels a \u00e9galement une grande diversit\u00e9 de vision, de gamme de mat\u00e9riaux et de qualit\u00e9 de technique. Je suis ravis de voir les oeuvres choisis en septembre prochain.&#8221;<br \/>\n\u2013 Ronald T. Crawford, directeur foundateur<\/p>\n<h5 style=\"text-align: center; color: #1b6aae;\">Exhibition PAS: 23 septembre au 22 octobre 2023.<br \/>\nVernissage de l&#8217;exposition: 24 september 2023<br \/>\nGala de cl\u00f4ture et remise des prix du PAS: 21 octobre 2023<br \/>\n\u00cele Salt Spring, C.-B<\/h5>\n<h3 style=\"text-align: center;\">F\u00e9licitations aux finalistes!<\/h3>\n<h3 style=\"text-align: center; color: #1b6aae;\">Les finalistes du PAS 2023\/24<\/h3>\n<div style=\"text-align: center;\"><strong>Kenna Barradell<\/strong> \u2013 \u00eele North Pender, Colombie-Britanique<br \/>\n<strong>Chintan Bolliger<\/strong> \u2013 \u00eele Salt Spring, Colombie-Britanique<br \/>\n<strong>Charles Breth<\/strong> \u2013 \u00eele Salt Spring, Colombie-Britanique<br \/>\n<strong>Marianne Campbell<\/strong> \u2013 \u00eele Salt Spring, Colombie-Britanique<br \/>\n<strong>Stefanie Denz<\/strong> \u2013 \u00eele Salt Spring, Colombie-Britanique<br \/>\n<strong>Barbra Edwards<\/strong> \u2013 \u00eele Pender, Colombie-Britanique<br \/>\n<strong>Jeanne Erickson<\/strong> \u2013 \u00eele Galiano, Colombie-Britanique<br \/>\n<strong>Seb Evans<\/strong> \u2013 \u00eele Salt Spring, Colombie-Britanique<br \/>\n<strong>Josephine Fletcher<\/strong> \u2013 \u00eele Salt Spring, Colombie-Britanique<br \/>\n<strong>Sib\u00e9al Foyle<\/strong> \u2013 \u00eele Salt Spring, Colombie-Britanique<br \/>\n<strong>Mimi Fujino<\/strong> \u2013 \u00eele Pender, Colombie-Britanique<br \/>\n<strong>Anna Gustafson<\/strong> \u2013 \u00eele Salt Spring, Colombie-Britanique<br \/>\n<strong>Martin Herbert<\/strong> \u2013 \u00eele Salt Spring, Colombie-Britanique<br \/>\n<strong>Ed Hughes<\/strong> \u2013 \u00eele Salt Spring, Colombie-Britanique<br \/>\n<strong>David Jackson<\/strong> \u2013 \u00eele Salt Spring, Colombie-Britanique<br \/>\n<strong>Elisabeth Jahren<\/strong> \u2013 \u00eele Marne, Colombie-Britanique<br \/>\n<strong>Garry Kaye<\/strong> \u2013 \u00eele Salt Spring, Colombie-Britanique<br \/>\n<strong>Helen Bly Kaye<\/strong> \u2013 \u00eele Salt Spring, Colombie-Britanique<br \/>\n<strong>Jane Kidd<\/strong> \u2013 \u00eele Salt Spring, Colombie-Britanique<br \/>\n<strong>Margie Korrison<\/strong> \u2013 \u00eele Salt Spring, Colombie-Britanique<br \/>\n<strong>Connie Kuhns<\/strong> \u2013 \u00eele Salt Spring, Colombie-Britanique<br \/>\n<strong>Cheryl Long<\/strong> \u2013 \u00eele Salt Spring, Colombie-Britanique<br \/>\n<strong>John Mackintosh<\/strong> \u2013 \u00eele Salt Spring, Colombie-Britanique<br \/>\n<strong>Jennifer Maksymetz<\/strong> \u2013 \u00eele Salt Spring, Colombie-Britanique<br \/>\n<strong>Rosalie Matchett<\/strong> \u2013 \u00eele Salt Spring, Colombie-Britanique<br \/>\n<strong>Peter McFarlane<\/strong> \u2013 \u00eele Salt Spring, Colombie-Britanique<br \/>\n<strong>Jane McKenzie<\/strong> \u2013 \u00eele Salt Spring, Colombie-Britanique<br \/>\n<strong>Robert Moss<\/strong> \u2013 \u00eele Salt Spring, Colombie-Britanique<br \/>\n<strong>Carol Narod<\/strong> \u2013 \u00eele Salt Spring, Colombie-Britanique<br \/>\n<strong>Doreen Palme<\/strong> \u2013 \u00eele Salt Spring, Colombie-Britanique<br \/>\n<strong>Patricia Parkes<\/strong> \u2013 \u00eele Salt Spring, Colombie-Britanique<br \/>\n<strong>John Reid<\/strong> \u2013 \u00eele Salt Spring, Colombie-Britanique<br \/>\n<strong>Karen Reiss<\/strong> \u2013 \u00eele Salt Spring, Colombie-Britanique<br \/>\n<strong>Diana Sanderson<\/strong> \u2013 \u00eele Salt Spring, Colombie-Britanique<br \/>\n<strong>Anette Schrage<\/strong> \u2013 \u00eele Salt Spring, Colombie-Britanique<br \/>\n<strong>Sandy Shreve<\/strong> \u2013 \u00eele Pender, Colombie-Britanique<br \/>\n<strong>Lorraine Surcouf<\/strong> \u2013 \u00eele Salt Spring, Colombie-Britanique<br \/>\n<strong>Melanie Thompson<\/strong> \u2013 \u00eele Salt Spring, Colombie-Britanique<br \/>\n<strong>Barbara Tipton<\/strong> \u2013 \u00eele Salt Spring, Colombie-Britanique<br \/>\n<strong>Nancy Walker<\/strong> \u2013 \u00eele Pender, Colombie-Britanique<br \/>\n<strong>Katie Watt<\/strong> \u2013 \u00eele Salt Spring, Colombie-Britanique<br \/>\n<strong>Sal Wiltshire<\/strong> \u2013 \u00eele Salt Spring, Colombie-Britanique<br \/>\n<strong>April Winter<\/strong> \u2013 \u00eele Mayne, Colombie-Britanique<br \/>\n<strong>Dan Zak<\/strong> \u2013 \u00eele Salt Spring, Colombie-Britanique<\/div>\n","protected":false},"excerpt":{"rendered":"<p>Les oeuvres des finalistes du PAS seront expos\u00e9es sur l&#8217;\u00eele Salt Spring du 23 septembre au 22 octobre. Les prix seront d\u00e9cern\u00e9s&hellip;<\/p>\n","protected":false},"author":4,"featured_media":42231,"comment_status":"closed","ping_status":"closed","sticky":false,"template":"","format":"standard","meta":{"_acf_changed":false,"_jetpack_memberships_contains_paid_content":false,"footnotes":""},"class_list":["post-42236","post","type-post","status-publish","format-standard","has-post-thumbnail","hentry"],"acf":[],"yoast_head":"<!-- This site is optimized with the Yoast SEO plugin v27.2 - https:\/\/yoast.com\/product\/yoast-seo-wordpress\/ -->\n<title>Annonce des finalistes du PAS 2023\/24 - The Salt Spring National Art Prize<\/title>\n<meta name=\"robots\" content=\"index, follow, max-snippet:-1, max-image-preview:large, max-video-preview:-1\" \/>\n<link rel=\"canonical\" href=\"https:\/\/saltspringartprize.ca\/fr\/news\/finalistes-pas-2023\/\" \/>\n<meta property=\"og:locale\" content=\"fr_FR\" \/>\n<meta property=\"og:type\" content=\"article\" \/>\n<meta property=\"og:title\" content=\"Annonce des finalistes du PAS 2023\/24 - The Salt Spring National Art Prize\" \/>\n<meta property=\"og:description\" content=\"Les oeuvres des finalistes du PAS seront expos\u00e9es sur l&#8217;\u00eele Salt Spring du 23 septembre au 22 octobre. Les prix seront d\u00e9cern\u00e9s&hellip;\" \/>\n<meta property=\"og:url\" content=\"https:\/\/saltspringartprize.ca\/fr\/news\/finalistes-pas-2023\/\" \/>\n<meta property=\"og:site_name\" content=\"The Salt Spring National Art Prize\" \/>\n<meta property=\"article:publisher\" content=\"https:\/\/www.facebook.com\/SaltSpringNationalArtPrize\/\" \/>\n<meta property=\"article:published_time\" content=\"2023-07-20T03:45:01+00:00\" \/>\n<meta property=\"article:modified_time\" content=\"2023-08-19T13:00:12+00:00\" \/>\n<meta property=\"og:image\" content=\"https:\/\/saltspringartprize.ca\/wp-content\/uploads\/2023\/07\/PAS_Announcement_Website_FR.jpg\" \/>\n\t<meta property=\"og:image:width\" content=\"1000\" \/>\n\t<meta property=\"og:image:height\" content=\"750\" \/>\n\t<meta property=\"og:image:type\" content=\"image\/jpeg\" \/>\n<meta name=\"author\" content=\"ssnap\" \/>\n<meta name=\"twitter:card\" content=\"summary_large_image\" \/>\n<meta name=\"twitter:label1\" content=\"Written by\" \/>\n\t<meta name=\"twitter:data1\" content=\"ssnap\" \/>\n\t<meta name=\"twitter:label2\" content=\"Est. reading time\" \/>\n\t<meta name=\"twitter:data2\" content=\"2 minutes\" \/>\n<script type=\"application\/ld+json\" class=\"yoast-schema-graph\">{\"@context\":\"https:\/\/schema.org\",\"@graph\":[{\"@type\":\"Article\",\"@id\":\"https:\/\/saltspringartprize.ca\/fr\/news\/finalistes-pas-2023\/#article\",\"isPartOf\":{\"@id\":\"https:\/\/saltspringartprize.ca\/fr\/news\/finalistes-pas-2023\/\"},\"author\":{\"name\":\"ssnap\",\"@id\":\"https:\/\/saltspringartprize.ca\/fr\/#\/schema\/person\/74e598d85274f7527d52fae4b1f53c6c\"},\"headline\":\"Annonce des finalistes du PAS 2023\/24\",\"datePublished\":\"2023-07-20T03:45:01+00:00\",\"dateModified\":\"2023-08-19T13:00:12+00:00\",\"mainEntityOfPage\":{\"@id\":\"https:\/\/saltspringartprize.ca\/fr\/news\/finalistes-pas-2023\/\"},\"wordCount\":433,\"publisher\":{\"@id\":\"https:\/\/saltspringartprize.ca\/fr\/#organization\"},\"image\":{\"@id\":\"https:\/\/saltspringartprize.ca\/fr\/news\/finalistes-pas-2023\/#primaryimage\"},\"thumbnailUrl\":\"https:\/\/saltspringartprize.ca\/wp-content\/uploads\/2023\/07\/PAS_Announcement_Website_FR.jpg\",\"inLanguage\":\"fr-FR\"},{\"@type\":\"WebPage\",\"@id\":\"https:\/\/saltspringartprize.ca\/fr\/news\/finalistes-pas-2023\/\",\"url\":\"https:\/\/saltspringartprize.ca\/fr\/news\/finalistes-pas-2023\/\",\"name\":\"Annonce des finalistes du PAS 2023\/24 - The Salt Spring National Art Prize\",\"isPartOf\":{\"@id\":\"https:\/\/saltspringartprize.ca\/fr\/#website\"},\"primaryImageOfPage\":{\"@id\":\"https:\/\/saltspringartprize.ca\/fr\/news\/finalistes-pas-2023\/#primaryimage\"},\"image\":{\"@id\":\"https:\/\/saltspringartprize.ca\/fr\/news\/finalistes-pas-2023\/#primaryimage\"},\"thumbnailUrl\":\"https:\/\/saltspringartprize.ca\/wp-content\/uploads\/2023\/07\/PAS_Announcement_Website_FR.jpg\",\"datePublished\":\"2023-07-20T03:45:01+00:00\",\"dateModified\":\"2023-08-19T13:00:12+00:00\",\"inLanguage\":\"fr-FR\",\"potentialAction\":[{\"@type\":\"ReadAction\",\"target\":[\"https:\/\/saltspringartprize.ca\/fr\/news\/finalistes-pas-2023\/\"]}]},{\"@type\":\"ImageObject\",\"inLanguage\":\"fr-FR\",\"@id\":\"https:\/\/saltspringartprize.ca\/fr\/news\/finalistes-pas-2023\/#primaryimage\",\"url\":\"https:\/\/saltspringartprize.ca\/wp-content\/uploads\/2023\/07\/PAS_Announcement_Website_FR.jpg\",\"contentUrl\":\"https:\/\/saltspringartprize.ca\/wp-content\/uploads\/2023\/07\/PAS_Announcement_Website_FR.jpg\",\"width\":1000,\"height\":750},{\"@type\":\"WebSite\",\"@id\":\"https:\/\/saltspringartprize.ca\/fr\/#website\",\"url\":\"https:\/\/saltspringartprize.ca\/fr\/\",\"name\":\"The Salt Spring National Art Prize\",\"description\":\"Salt Spring National Art Prize\",\"publisher\":{\"@id\":\"https:\/\/saltspringartprize.ca\/fr\/#organization\"},\"alternateName\":\"SSNAP\",\"potentialAction\":[{\"@type\":\"SearchAction\",\"target\":{\"@type\":\"EntryPoint\",\"urlTemplate\":\"https:\/\/saltspringartprize.ca\/fr\/?s={search_term_string}\"},\"query-input\":{\"@type\":\"PropertyValueSpecification\",\"valueRequired\":true,\"valueName\":\"search_term_string\"}}],\"inLanguage\":\"fr-FR\"},{\"@type\":\"Organization\",\"@id\":\"https:\/\/saltspringartprize.ca\/fr\/#organization\",\"name\":\"The Salt Spring National Art Prize\",\"alternateName\":\"SSNAP\",\"url\":\"https:\/\/saltspringartprize.ca\/fr\/\",\"logo\":{\"@type\":\"ImageObject\",\"inLanguage\":\"fr-FR\",\"@id\":\"https:\/\/saltspringartprize.ca\/fr\/#\/schema\/logo\/image\/\",\"url\":\"https:\/\/saltspringartprize.ca\/app\/uploads\/2023\/01\/SSNAP-2023.png\",\"contentUrl\":\"https:\/\/saltspringartprize.ca\/app\/uploads\/2023\/01\/SSNAP-2023.png\",\"width\":800,\"height\":754,\"caption\":\"The Salt Spring National Art Prize\"},\"image\":{\"@id\":\"https:\/\/saltspringartprize.ca\/fr\/#\/schema\/logo\/image\/\"},\"sameAs\":[\"https:\/\/www.facebook.com\/SaltSpringNationalArtPrize\/\",\"https:\/\/www.instagram.com\/ssartprize\/\"]},{\"@type\":\"Person\",\"@id\":\"https:\/\/saltspringartprize.ca\/fr\/#\/schema\/person\/74e598d85274f7527d52fae4b1f53c6c\",\"name\":\"ssnap\",\"image\":{\"@type\":\"ImageObject\",\"inLanguage\":\"fr-FR\",\"@id\":\"https:\/\/secure.gravatar.com\/avatar\/1be313b885ea82c05d3fc796de3d995387b82dc7ecfbe3828c29cf8b6381d43d?s=96&d=mm&r=g\",\"url\":\"https:\/\/secure.gravatar.com\/avatar\/1be313b885ea82c05d3fc796de3d995387b82dc7ecfbe3828c29cf8b6381d43d?s=96&d=mm&r=g\",\"contentUrl\":\"https:\/\/secure.gravatar.com\/avatar\/1be313b885ea82c05d3fc796de3d995387b82dc7ecfbe3828c29cf8b6381d43d?s=96&d=mm&r=g\",\"caption\":\"ssnap\"},\"url\":\"https:\/\/saltspringartprize.ca\/fr\/news\/author\/ssnap\/\"}]}<\/script>\n<!-- \/ Yoast SEO plugin. -->","yoast_head_json":{"title":"Annonce des finalistes du PAS 2023\/24 - The Salt Spring National Art Prize","robots":{"index":"index","follow":"follow","max-snippet":"max-snippet:-1","max-image-preview":"max-image-preview:large","max-video-preview":"max-video-preview:-1"},"canonical":"https:\/\/saltspringartprize.ca\/fr\/news\/finalistes-pas-2023\/","og_locale":"fr_FR","og_type":"article","og_title":"Annonce des finalistes du PAS 2023\/24 - The Salt Spring National Art Prize","og_description":"Les oeuvres des finalistes du PAS seront expos\u00e9es sur l&#8217;\u00eele Salt Spring du 23 septembre au 22 octobre. Les prix seront d\u00e9cern\u00e9s&hellip;","og_url":"https:\/\/saltspringartprize.ca\/fr\/news\/finalistes-pas-2023\/","og_site_name":"The Salt Spring National Art Prize","article_publisher":"https:\/\/www.facebook.com\/SaltSpringNationalArtPrize\/","article_published_time":"2023-07-20T03:45:01+00:00","article_modified_time":"2023-08-19T13:00:12+00:00","og_image":[{"width":1000,"height":750,"url":"https:\/\/saltspringartprize.ca\/wp-content\/uploads\/2023\/07\/PAS_Announcement_Website_FR.jpg","type":"image\/jpeg"}],"author":"ssnap","twitter_card":"summary_large_image","twitter_misc":{"Written by":"ssnap","Est. reading time":"2 minutes"},"schema":{"@context":"https:\/\/schema.org","@graph":[{"@type":"Article","@id":"https:\/\/saltspringartprize.ca\/fr\/news\/finalistes-pas-2023\/#article","isPartOf":{"@id":"https:\/\/saltspringartprize.ca\/fr\/news\/finalistes-pas-2023\/"},"author":{"name":"ssnap","@id":"https:\/\/saltspringartprize.ca\/fr\/#\/schema\/person\/74e598d85274f7527d52fae4b1f53c6c"},"headline":"Annonce des finalistes du PAS 2023\/24","datePublished":"2023-07-20T03:45:01+00:00","dateModified":"2023-08-19T13:00:12+00:00","mainEntityOfPage":{"@id":"https:\/\/saltspringartprize.ca\/fr\/news\/finalistes-pas-2023\/"},"wordCount":433,"publisher":{"@id":"https:\/\/saltspringartprize.ca\/fr\/#organization"},"image":{"@id":"https:\/\/saltspringartprize.ca\/fr\/news\/finalistes-pas-2023\/#primaryimage"},"thumbnailUrl":"https:\/\/saltspringartprize.ca\/wp-content\/uploads\/2023\/07\/PAS_Announcement_Website_FR.jpg","inLanguage":"fr-FR"},{"@type":"WebPage","@id":"https:\/\/saltspringartprize.ca\/fr\/news\/finalistes-pas-2023\/","url":"https:\/\/saltspringartprize.ca\/fr\/news\/finalistes-pas-2023\/","name":"Annonce des finalistes du PAS 2023\/24 - The Salt Spring National Art Prize","isPartOf":{"@id":"https:\/\/saltspringartprize.ca\/fr\/#website"},"primaryImageOfPage":{"@id":"https:\/\/saltspringartprize.ca\/fr\/news\/finalistes-pas-2023\/#primaryimage"},"image":{"@id":"https:\/\/saltspringartprize.ca\/fr\/news\/finalistes-pas-2023\/#primaryimage"},"thumbnailUrl":"https:\/\/saltspringartprize.ca\/wp-content\/uploads\/2023\/07\/PAS_Announcement_Website_FR.jpg","datePublished":"2023-07-20T03:45:01+00:00","dateModified":"2023-08-19T13:00:12+00:00","inLanguage":"fr-FR","potentialAction":[{"@type":"ReadAction","target":["https:\/\/saltspringartprize.ca\/fr\/news\/finalistes-pas-2023\/"]}]},{"@type":"ImageObject","inLanguage":"fr-FR","@id":"https:\/\/saltspringartprize.ca\/fr\/news\/finalistes-pas-2023\/#primaryimage","url":"https:\/\/saltspringartprize.ca\/wp-content\/uploads\/2023\/07\/PAS_Announcement_Website_FR.jpg","contentUrl":"https:\/\/saltspringartprize.ca\/wp-content\/uploads\/2023\/07\/PAS_Announcement_Website_FR.jpg","width":1000,"height":750},{"@type":"WebSite","@id":"https:\/\/saltspringartprize.ca\/fr\/#website","url":"https:\/\/saltspringartprize.ca\/fr\/","name":"The Salt Spring National Art Prize","description":"Salt Spring National Art Prize","publisher":{"@id":"https:\/\/saltspringartprize.ca\/fr\/#organization"},"alternateName":"SSNAP","potentialAction":[{"@type":"SearchAction","target":{"@type":"EntryPoint","urlTemplate":"https:\/\/saltspringartprize.ca\/fr\/?s={search_term_string}"},"query-input":{"@type":"PropertyValueSpecification","valueRequired":true,"valueName":"search_term_string"}}],"inLanguage":"fr-FR"},{"@type":"Organization","@id":"https:\/\/saltspringartprize.ca\/fr\/#organization","name":"The Salt Spring National Art Prize","alternateName":"SSNAP","url":"https:\/\/saltspringartprize.ca\/fr\/","logo":{"@type":"ImageObject","inLanguage":"fr-FR","@id":"https:\/\/saltspringartprize.ca\/fr\/#\/schema\/logo\/image\/","url":"https:\/\/saltspringartprize.ca\/app\/uploads\/2023\/01\/SSNAP-2023.png","contentUrl":"https:\/\/saltspringartprize.ca\/app\/uploads\/2023\/01\/SSNAP-2023.png","width":800,"height":754,"caption":"The Salt Spring National Art Prize"},"image":{"@id":"https:\/\/saltspringartprize.ca\/fr\/#\/schema\/logo\/image\/"},"sameAs":["https:\/\/www.facebook.com\/SaltSpringNationalArtPrize\/","https:\/\/www.instagram.com\/ssartprize\/"]},{"@type":"Person","@id":"https:\/\/saltspringartprize.ca\/fr\/#\/schema\/person\/74e598d85274f7527d52fae4b1f53c6c","name":"ssnap","image":{"@type":"ImageObject","inLanguage":"fr-FR","@id":"https:\/\/secure.gravatar.com\/avatar\/1be313b885ea82c05d3fc796de3d995387b82dc7ecfbe3828c29cf8b6381d43d?s=96&d=mm&r=g","url":"https:\/\/secure.gravatar.com\/avatar\/1be313b885ea82c05d3fc796de3d995387b82dc7ecfbe3828c29cf8b6381d43d?s=96&d=mm&r=g","contentUrl":"https:\/\/secure.gravatar.com\/avatar\/1be313b885ea82c05d3fc796de3d995387b82dc7ecfbe3828c29cf8b6381d43d?s=96&d=mm&r=g","caption":"ssnap"},"url":"https:\/\/saltspringartprize.ca\/fr\/news\/author\/ssnap\/"}]}},"jetpack_featured_media_url":"https:\/\/saltspringartprize.ca\/wp-content\/uploads\/2023\/07\/PAS_Announcement_Website_FR.jpg","jetpack_sharing_enabled":true,"_links":{"self":[{"href":"https:\/\/saltspringartprize.ca\/fr\/wp-json\/wp\/v2\/posts\/42236","targetHints":{"allow":["GET"]}}],"collection":[{"href":"https:\/\/saltspringartprize.ca\/fr\/wp-json\/wp\/v2\/posts"}],"about":[{"href":"https:\/\/saltspringartprize.ca\/fr\/wp-json\/wp\/v2\/types\/post"}],"author":[{"embeddable":true,"href":"https:\/\/saltspringartprize.ca\/fr\/wp-json\/wp\/v2\/users\/4"}],"replies":[{"embeddable":true,"href":"https:\/\/saltspringartprize.ca\/fr\/wp-json\/wp\/v2\/comments?post=42236"}],"version-history":[{"count":0,"href":"https:\/\/saltspringartprize.ca\/fr\/wp-json\/wp\/v2\/posts\/42236\/revisions"}],"wp:featuredmedia":[{"embeddable":true,"href":"https:\/\/saltspringartprize.ca\/fr\/wp-json\/wp\/v2\/media\/42231"}],"wp:attachment":[{"href":"https:\/\/saltspringartprize.ca\/fr\/wp-json\/wp\/v2\/media?parent=42236"}],"curies":[{"name":"wp","href":"https:\/\/api.w.org\/{rel}","templated":true}]}}